{"id":945,"date":"2019-05-29T21:09:31","date_gmt":"2019-05-29T19:09:31","guid":{"rendered":"http:\/\/www.alexandra-kuba.at\/wordpress\/?p=945"},"modified":"2019-05-29T21:09:31","modified_gmt":"2019-05-29T19:09:31","slug":"topf-sucht-deckel","status":"publish","type":"post","link":"https:\/\/www.alexandra-kuba.at\/wordpress\/2019\/05\/29\/topf-sucht-deckel\/","title":{"rendered":"Topf sucht Deckel"},"content":{"rendered":"<table border=\"0\" cellspacing=\"0\" cellpadding=\"0\">\n<tbody>\n<tr>\n<td valign=\"top\" width=\"28\">\u00a0<\/td>\n<td valign=\"top\" width=\"419\">\u00a0<\/td>\n<\/tr>\n<tr>\n<td valign=\"top\" width=\"28\">\u00a0<\/td>\n<td valign=\"top\" width=\"419\">\n<p style=\"text-align: justify;\">Im Schrank mit den anderen T\u00f6pfen war es dunkel und\u00a0k\u00fchl. Manche Deckeln wackelten auf ihren T\u00f6pfen herum, andere wieder sa\u00dfen so fest, dass der Topf\u00a0bald zu\u00a0platzen drohte, so schien es. Andere sahen gemeinsam gl\u00fccklich und zufrieden aus. Sie waren alle nicht alleine. Bis auf den rosa Topf und ein gelber, weiter hinten im Schrank.<br \/>\n\u00a0<br \/>\nIch war der rosafarbene Topf\u00a0ohne Deckel und das schon l\u00e4nger. Irgendwie ist er mir abhandengekommen. Wenn ich so nachdenke und Zeit daf\u00fcr habe ich mehr als genug, erinnere ich mich gerne an unsere erste Begegnung zur\u00fcck. Wir\u00a0begegneten einander \u00a0in einer fremden K\u00fcche, meine Haushaltsassistenz nahm mich zum Kochen mit und ein passender Deckel wurde gesucht. F\u00fcndig wurde man in einem Schr\u00e4nkchen unter der Kredenz. Naja, perfekt war wohl anders, aber mit ein paar Dehnungs\u00fcbungen schaffte ich es mir den Deckel passend zu machen. Ein bisschen von oben angedr\u00fcckt und schwupp di wupp, der passte! Er zwickte und zwackte anfangs herum, gab aber letztendlich auf und passte sich an. Er verhielt sich vorbildlich, ohne Zeter und Getue. <br \/>\n\u00a0<br \/>\nWeil wir so gut zusammenpassten durfte er mit nach Hause in meinen Schrank. Ich war von nun an nicht mehr alleine. Ich konnte mich anlehnen, wann immer ich wollte. Es war mein Deckel, der nur zu mir passte, dachte ich jeden Tag aufs Neue, wenn wir beide zum Kochen geholt wurden. Der Deckel war nicht auffallend, er nahm seine Aufgaben wahr und begab sich zur Ruhe wenn wir von unserem Arbeitsplatz entlassen wurden.<\/p>\n<p style=\"text-align: justify;\">Ich kam auch viel mehr zu Einsatz als sonst. Ich wurde endlich akzeptiert, wurde mehr gewaschen und meine rosa T\u00f6nung wich einem rosa Leuchtsignal. Ich mochte ihn sehr, aber machte mir nie gro\u00dfe Gedanken um ihn. Er war da und geh\u00f6rte zu mir. Ich war so stolz. Die anderen T\u00f6pfe beneideten mich, pl\u00f6tzlich geh\u00f6rte ich zu der gro\u00dfen Gruppe der \u201efertigen Topfeinheit\u201c dazu.\u00a0<br \/>\n\u00a0<br \/>\nEines Tages, als ich meine Augen aufschlug war der Platz neben mir frei. Wo war mein Deckel? Ebenso fehlte der gelbe Topf weiter hinten im Schrank. Ich h\u00f6rte laute Ger\u00e4usche und Getratsche von der Anrichte in der K\u00fcche: \u201eSchau mal, der Deckel passt doch perfekt. Viel besser, als beim alten Topf, den werde ich einfach austauschen und f\u00fcr den rosa Topf, wird sich ein neuer finden.\u201c<br \/>\n\u00a0<br \/>\nPanik stieg in mir auf, ich h\u00f6rte nur das freudige Zischen des gelben Topfes, der den Deckel bekam, n\u00e4mlich MEINEN. Meine rosa Leuchtfarbe verblasste im Nu. Nein, das kann\u00a0 nicht sein, warum r\u00fchrt sich mein Deckel nicht, warum will er nicht bei mir bleiben, f\u00fchlt er sich nicht wohl mit mir?\u00a0Es versteht es sich wohl von selbst, dass er nicht bleiben will, wenn es anderweitig besser f\u00fcr ihn passte. Er muss sich nicht verbiegen und kann sich selber einmal anlehnen.<br \/>\n\u00a0<br \/>\nTraurige Blicke und Geklapper von den anderen T\u00f6pfen erreichten mich in meiner Ecke. Tja, dieser Gruppenzwang: Wenn auch einige Deckel sich schon biegen, weil sie schon lange nicht mehr passen, sitzen sie noch so gut, ohne an einen Wechsel zu denken.<br \/>\n\u00a0<br \/>\nIch dr\u00fccke mich in meine heimische Ecke und warte auf Ersatz, ein neuer\u00a0Deckel wird kommen, hoffentlich dann f\u00fcr immer.<\/p>\n<p>\u00a9 7.2.2019<\/p>\n<\/td>\n<\/tr>\n<tr>\n<td style=\"width: 7.1782178217821775%;\" valign=\"top\" width=\"28\">\u00a0<\/td>\n<td style=\"width: 111.47325332704722%;\" valign=\"top\" width=\"419\">\u00a0<\/td>\n<\/tr>\n<tr>\n<td style=\"width: 7.1782178217821775%;\" valign=\"top\" width=\"28\">\u00a0<\/td>\n<td style=\"width: 111.47325332704722%;\" valign=\"top\" width=\"419\">\u00a0<\/td>\n<\/tr>\n<\/tbody>\n<\/table>\n","protected":false},"excerpt":{"rendered":"<p>\u00a0 \u00a0 \u00a0 Im Schrank mit den anderen T\u00f6pfen war es dunkel und\u00a0k\u00fchl. Manche Deckeln wackelten auf ihren T\u00f6pfen herum, andere wieder sa\u00dfen so fest, dass der Topf\u00a0bald zu\u00a0platzen drohte, so schien es. Andere sahen gemeinsam gl\u00fccklich und zufrieden aus. Sie waren alle nicht alleine. Bis auf den rosa Topf und ein gelber, weiter hinten [&hellip;]<\/p>\n","protected":false},"author":1,"featured_media":0,"comment_status":"open","ping_status":"open","sticky":false,"template":"","format":"standard","meta":{"footnotes":""},"categories":[13],"tags":[],"class_list":["post-945","post","type-post","status-publish","format-standard","hentry","category-kurzgeschichten"],"_links":{"self":[{"href":"https:\/\/www.alexandra-kuba.at\/wordpress\/wp-json\/wp\/v2\/posts\/945","targetHints":{"allow":["GET"]}}],"collection":[{"href":"https:\/\/www.alexandra-kuba.at\/wordpress\/wp-json\/wp\/v2\/posts"}],"about":[{"href":"https:\/\/www.alexandra-kuba.at\/wordpress\/wp-json\/wp\/v2\/types\/post"}],"author":[{"embeddable":true,"href":"https:\/\/www.alexandra-kuba.at\/wordpress\/wp-json\/wp\/v2\/users\/1"}],"replies":[{"embeddable":true,"href":"https:\/\/www.alexandra-kuba.at\/wordpress\/wp-json\/wp\/v2\/comments?post=945"}],"version-history":[{"count":3,"href":"https:\/\/www.alexandra-kuba.at\/wordpress\/wp-json\/wp\/v2\/posts\/945\/revisions"}],"predecessor-version":[{"id":948,"href":"https:\/\/www.alexandra-kuba.at\/wordpress\/wp-json\/wp\/v2\/posts\/945\/revisions\/948"}],"wp:attachment":[{"href":"https:\/\/www.alexandra-kuba.at\/wordpress\/wp-json\/wp\/v2\/media?parent=945"}],"wp:term":[{"taxonomy":"category","embeddable":true,"href":"https:\/\/www.alexandra-kuba.at\/wordpress\/wp-json\/wp\/v2\/categories?post=945"},{"taxonomy":"post_tag","embeddable":true,"href":"https:\/\/www.alexandra-kuba.at\/wordpress\/wp-json\/wp\/v2\/tags?post=945"}],"curies":[{"name":"wp","href":"https:\/\/api.w.org\/{rel}","templated":true}]}}